{"id":4154,"date":"2021-12-21T13:54:35","date_gmt":"2021-12-21T12:54:35","guid":{"rendered":"https:\/\/www.res-dhc.com\/?p=4154"},"modified":"2022-01-03T12:16:49","modified_gmt":"2022-01-03T11:16:49","slug":"waermespeicher-im-urbanen-raum","status":"publish","type":"post","link":"https:\/\/www.res-dhc.com\/de\/2021\/12\/21\/waermespeicher-im-urbanen-raum\/","title":{"rendered":"W\u00e4rmespeicher im urbanen Raum"},"content":{"rendered":"<p><strong>Bei der nachhaltigen W\u00e4rmeversorgung der Zukunft spielen W\u00e4rmespeicher eine zentrale Rolle, auch in urbanen W\u00e4rmenetzen. Um den vielf\u00e4ltigen Anforderungen und Varianten gerecht zu werden, werden vielerorts innovative Anlagen errichtet und an neuen Konzepten geforscht. <\/strong><\/p>\n<p><strong>Deutschlands gr\u00f6\u00dfter Stadtw\u00e4rmespeicher in Berlin<\/strong><\/p>\n<p>Auf dem Gel\u00e4nde des von Vattenfall betriebenen Heizkraftwerks Reuter West in Berlin soll ab 2023 der bundesweit gr\u00f6\u00dfte Stadtw\u00e4rmespeicher in Betrieb gehen. Mit einer H\u00f6he von 45 Metern und einem Durchmesser von 43 Metern wird er 56 Million Liter Heizwasser fassen. Der Speicher dient der Optimierung und Flexibilisierung der W\u00e4rmeerzeugung aus unterschiedlichen W\u00e4rmequellen. Eine davon ist eine Power-to-Heat-Anlage, welche bereits auf dem Reuter West Gel\u00e4nde in Betrieb genommen wurde. Zuk\u00fcnftig \u00fcbersch\u00fcssig erzeugter Windstrom wird als erneuerbare W\u00e4rme gespeichert und die Abschaltung der Windkraftanlage wird vermieden.<\/p>\n<p><strong><em>giga_TES<\/em> \u2013 Weiterentwicklung von saisonalen W\u00e4rmespeichern<\/strong><\/p>\n<p>Im Projekt <em>giga_TES<\/em> haben 18 Projektpartner unter der Koordination von AEE Intec drei Jahre lang daran geforscht, sogenannte Erdbeckenspeicher f\u00fcr urbane Ballungsr\u00e4ume weiterzuentwickeln. Diese Speicher werden als Saisonalw\u00e4rmespeicher genutzt, speichern beispielsweise die im Sommer erzeugte Solarw\u00e4rme und stellen diese im Winter wieder zur Verf\u00fcgung. Der gr\u00f6\u00dfte Speicher dieser Bauart wird derzeit im d\u00e4nischen Vojens betrieben und fasst ein Speichervolumen von 210.000 Kubikmeter. Damit werden rund 25 % des W\u00e4rmebedarfs der 8.000 Einwohner gedeckt.<\/p>\n<p>Im Rahmen des Projektes wurden W\u00e4rmespeicher mit Speichervolumina zwischen 100.000 und 2 Millionen Kubikmetern betrachtet. Neben dem Volumen wurde zudem unterschiedliche Temperaturspreizungen untersucht. Aufgrund der Gr\u00f6\u00dfe und Kosten solcher Speicher wurden Konzepte auf Basis nummerischer Modelle entwickelt und optimiert. Ein eigenes Kostentool zur Wirtschaftlichkeitsberechnung berechnet au\u00dferdem die spezifischen Speicherkosten (Levelised Cost of Storage, LCOS) f\u00fcr unterschiedliche Parameter.<\/p>\n<p>Eine der Stellschrauben zur Weiterentwicklung im <em>giga_TES<\/em> Projekt war die Bautiefe der Erdbeckenspeicher, die bei den d\u00e4nischen Vorbildern bei 5 bis 6 Metern liegt. Daf\u00fcr haben die Projektpartner eine Wandkonstruktion aus sogenannten D\u00e4mmbohrpf\u00e4hlen entwickelt und patentieren lassen. Hierbei wird eine D\u00e4mmung aus Schaumglasschotter in die Bohrpf\u00e4hle eingebracht. Diese k\u00f6nnen bis zu 50 Meter tief gebaut werden und isolieren den Speicher gegen das Erdreich und Grundwasser. Auch f\u00fcr die Abdeckung der Erdbeckenspeicher wurden patentierte L\u00f6sungen entwickelt. Sie m\u00fcssen hohe und variierenden Temperaturen von innen, Witterung und UV-Licht von au\u00dfen und dem sich, durch Temperatur\u00e4nderungen, ver\u00e4ndernden Wasserpegel standhalten. Zudem sollte die Fl\u00e4che in urbanen R\u00e4umen nutzbar gemacht werden. Mit dem unter \u201eFloating Cover 2.0\u201c benannten Konzept schwimmt die Abdeckung auf der Wasseroberfl\u00e4che und kann als Park, Gew\u00e4chshaus oder Solaranlage genutzt werden. Bei dem Konzept \u201eSubmerged Cover\u201c befindet sich die Abdeckung unter der Wasseroberfl\u00e4che des Speichers und es entsteht ein k\u00fcnstlicher See, wodurch die genannten Anforderungen erf\u00fcllt werden k\u00f6nnen. Ebenfalls wurden neue, haltbarere Materialen aus speziell stabilisiertem Polypropylen f\u00fcr die Abdichtung entwickelt. Weitere Ergebnisse des Projektes sind verschiedene Hybridspeicher mit der Kombination aus klassischen Erdbeckenspeichern und Stahltanks.<\/p>\n<p><strong>Erdsonden-W\u00e4rmespeicher zur Speicherung von Abw\u00e4rme<\/strong><\/p>\n<p>Ein weiteres Forschungsprojekt wird von der Eidgen\u00f6ssischen Materialpr\u00fcfungs- und Forschungsanstalt (Empa) am Forschungscampus \u201eco-operate\u201c in D\u00fcbendorf bei Z\u00fcrich realisiert. Hier soll ein unterirdischer, saisonaler Erdsonden-W\u00e4rmespeicher mit 144 Sonden entstehen und \u00fcber 10 Jahre getestet werden. Durch eine gezielte Steuerung der einzelnen Erdsonden sollen Temperaturen, Wirkungsgrad und Speicherkapazit\u00e4t optimiert werden. Gespeichert werden sollen bis zu 90 % der Abw\u00e4rme von beispielsweise L\u00fcftungen oder Laboren.<\/p>\n<p>Text und Bild: Solites<\/p>\n<p>Quellen:<br \/>\n<a href=\"https:\/\/www.energie-und-management.de\/nachrichten\/handel\/emission\/detail\/vattenfall-baut-bundesweit-groessten-stadtwaermespeicher-146527\" target=\"_blank\" rel=\"noopener\">www.energie-und-management.de\/W\u00e4rmepeicher_Berlin<\/a><br \/>\n<a href=\"https:\/\/www.solarserver.de\/2021\/11\/25\/forschungsprojekt-fuer-grosse-waermespeicher-in-urbanen-raeumen\/\" target=\"_blank\" rel=\"noopener\">www.solarserver.de\/giga_TES<\/a><br \/>\n<a href=\"https:\/\/www.solarserver.de\/2021\/12\/01\/empa-erdsonden-waermespeicher-campus\/\" target=\"_blank\" rel=\"noopener\">www.solarserver.de\/erdsondenspeicher_empa<\/a><\/p>\n","protected":false},"excerpt":{"rendered":"<p>Bei der nachhaltigen W\u00e4rmeversorgung der Zukunft spielen W\u00e4rmespeicher eine zentrale Rolle, auch in urbanen W\u00e4rmenetzen. Um den vielf\u00e4ltigen Anforderungen und Varianten gerecht zu werden, werden vielerorts innovative Anlagen errichtet  [&#8230;]<\/p>\n","protected":false},"author":20,"featured_media":4156,"comment_status":"closed","ping_status":"open","sticky":false,"template":"","format":"standard","meta":{"footnotes":""},"categories":[188],"tags":[89,91],"class_list":["post-4154","post","type-post","status-publish","format-standard","has-post-thumbnail","hentry","category-news-de-de","tag-district-heating-de","tag-solites-de"],"yoast_head":"<!-- This site is optimized with the Yoast SEO plugin v27.3 - https:\/\/yoast.com\/product\/yoast-seo-wordpress\/ -->\n<title>W\u00e4rmespeicher im urbanen Raum - RES-DHC<\/title>\n<meta name=\"robots\" content=\"index, follow, max-snippet:-1, max-image-preview:large, max-video-preview:-1\" \/>\n<link rel=\"canonical\" href=\"https:\/\/www.res-dhc.com\/de\/2021\/12\/21\/waermespeicher-im-urbanen-raum\/\" \/>\n<meta property=\"og:locale\" content=\"de_DE\" \/>\n<meta property=\"og:type\" content=\"article\" \/>\n<meta property=\"og:title\" content=\"W\u00e4rmespeicher im urbanen Raum - RES-DHC\" \/>\n<meta property=\"og:description\" content=\"Bei der nachhaltigen W\u00e4rmeversorgung der Zukunft spielen W\u00e4rmespeicher eine zentrale Rolle, auch in urbanen W\u00e4rmenetzen. Um den vielf\u00e4ltigen Anforderungen und Varianten gerecht zu werden, werden vielerorts innovative Anlagen errichtet [...]\" \/>\n<meta property=\"og:url\" content=\"https:\/\/www.res-dhc.com\/de\/2021\/12\/21\/waermespeicher-im-urbanen-raum\/\" \/>\n<meta property=\"og:site_name\" content=\"RES-DHC\" \/>\n<meta property=\"article:published_time\" content=\"2021-12-21T12:54:35+00:00\" \/>\n<meta property=\"article:modified_time\" content=\"2022-01-03T11:16:49+00:00\" \/>\n<meta property=\"og:image\" content=\"https:\/\/www.res-dhc.com\/wp-content\/uploads\/2021\/12\/image-1_skaliert.png\" \/>\n\t<meta property=\"og:image:width\" content=\"983\" \/>\n\t<meta property=\"og:image:height\" content=\"600\" \/>\n\t<meta property=\"og:image:type\" content=\"image\/png\" \/>\n<meta name=\"author\" content=\"Maya Neyhousser\" \/>\n<meta name=\"twitter:card\" content=\"summary_large_image\" \/>\n<meta name=\"twitter:creator\" content=\"@DhcRes\" \/>\n<meta name=\"twitter:site\" content=\"@DhcRes\" \/>\n<meta name=\"twitter:label1\" content=\"Verfasst von\" \/>\n\t<meta name=\"twitter:data1\" content=\"Maya Neyhousser\" \/>\n\t<meta name=\"twitter:label2\" content=\"Gesch\u00e4tzte Lesezeit\" \/>\n\t<meta name=\"twitter:data2\" content=\"3\u00a0Minuten\" \/>\n<script type=\"application\/ld+json\" class=\"yoast-schema-graph\">{\"@context\":\"https:\\\/\\\/schema.org\",\"@graph\":[{\"@type\":\"Article\",\"@id\":\"https:\\\/\\\/www.res-dhc.com\\\/de\\\/2021\\\/12\\\/21\\\/waermespeicher-im-urbanen-raum\\\/#article\",\"isPartOf\":{\"@id\":\"https:\\\/\\\/www.res-dhc.com\\\/de\\\/2021\\\/12\\\/21\\\/waermespeicher-im-urbanen-raum\\\/\"},\"author\":{\"name\":\"Maya Neyhousser\",\"@id\":\"https:\\\/\\\/www.res-dhc.com\\\/#\\\/schema\\\/person\\\/fd678e721a4d66003e9c6fb68942abe2\"},\"headline\":\"W\u00e4rmespeicher im urbanen Raum\",\"datePublished\":\"2021-12-21T12:54:35+00:00\",\"dateModified\":\"2022-01-03T11:16:49+00:00\",\"mainEntityOfPage\":{\"@id\":\"https:\\\/\\\/www.res-dhc.com\\\/de\\\/2021\\\/12\\\/21\\\/waermespeicher-im-urbanen-raum\\\/\"},\"wordCount\":582,\"publisher\":{\"@id\":\"https:\\\/\\\/www.res-dhc.com\\\/#organization\"},\"image\":{\"@id\":\"https:\\\/\\\/www.res-dhc.com\\\/de\\\/2021\\\/12\\\/21\\\/waermespeicher-im-urbanen-raum\\\/#primaryimage\"},\"thumbnailUrl\":\"https:\\\/\\\/www.res-dhc.com\\\/wp-content\\\/uploads\\\/2021\\\/12\\\/image-1_skaliert.png\",\"keywords\":[\"District Heating\",\"Solites\"],\"articleSection\":[\"News DE\"],\"inLanguage\":\"de\"},{\"@type\":\"WebPage\",\"@id\":\"https:\\\/\\\/www.res-dhc.com\\\/de\\\/2021\\\/12\\\/21\\\/waermespeicher-im-urbanen-raum\\\/\",\"url\":\"https:\\\/\\\/www.res-dhc.com\\\/de\\\/2021\\\/12\\\/21\\\/waermespeicher-im-urbanen-raum\\\/\",\"name\":\"W\u00e4rmespeicher im urbanen Raum - RES-DHC\",\"isPartOf\":{\"@id\":\"https:\\\/\\\/www.res-dhc.com\\\/#website\"},\"primaryImageOfPage\":{\"@id\":\"https:\\\/\\\/www.res-dhc.com\\\/de\\\/2021\\\/12\\\/21\\\/waermespeicher-im-urbanen-raum\\\/#primaryimage\"},\"image\":{\"@id\":\"https:\\\/\\\/www.res-dhc.com\\\/de\\\/2021\\\/12\\\/21\\\/waermespeicher-im-urbanen-raum\\\/#primaryimage\"},\"thumbnailUrl\":\"https:\\\/\\\/www.res-dhc.com\\\/wp-content\\\/uploads\\\/2021\\\/12\\\/image-1_skaliert.png\",\"datePublished\":\"2021-12-21T12:54:35+00:00\",\"dateModified\":\"2022-01-03T11:16:49+00:00\",\"breadcrumb\":{\"@id\":\"https:\\\/\\\/www.res-dhc.com\\\/de\\\/2021\\\/12\\\/21\\\/waermespeicher-im-urbanen-raum\\\/#breadcrumb\"},\"inLanguage\":\"de\",\"potentialAction\":[{\"@type\":\"ReadAction\",\"target\":[\"https:\\\/\\\/www.res-dhc.com\\\/de\\\/2021\\\/12\\\/21\\\/waermespeicher-im-urbanen-raum\\\/\"]}]},{\"@type\":\"ImageObject\",\"inLanguage\":\"de\",\"@id\":\"https:\\\/\\\/www.res-dhc.com\\\/de\\\/2021\\\/12\\\/21\\\/waermespeicher-im-urbanen-raum\\\/#primaryimage\",\"url\":\"https:\\\/\\\/www.res-dhc.com\\\/wp-content\\\/uploads\\\/2021\\\/12\\\/image-1_skaliert.png\",\"contentUrl\":\"https:\\\/\\\/www.res-dhc.com\\\/wp-content\\\/uploads\\\/2021\\\/12\\\/image-1_skaliert.png\",\"width\":983,\"height\":600},{\"@type\":\"BreadcrumbList\",\"@id\":\"https:\\\/\\\/www.res-dhc.com\\\/de\\\/2021\\\/12\\\/21\\\/waermespeicher-im-urbanen-raum\\\/#breadcrumb\",\"itemListElement\":[{\"@type\":\"ListItem\",\"position\":1,\"name\":\"Home\",\"item\":\"https:\\\/\\\/www.res-dhc.com\\\/de\\\/\"},{\"@type\":\"ListItem\",\"position\":2,\"name\":\"W\u00e4rmespeicher im urbanen Raum\"}]},{\"@type\":\"WebSite\",\"@id\":\"https:\\\/\\\/www.res-dhc.com\\\/#website\",\"url\":\"https:\\\/\\\/www.res-dhc.com\\\/\",\"name\":\"RES-DHC\",\"description\":\"Renewable Energy Sources for District Heating and Cooling\",\"publisher\":{\"@id\":\"https:\\\/\\\/www.res-dhc.com\\\/#organization\"},\"potentialAction\":[{\"@type\":\"SearchAction\",\"target\":{\"@type\":\"EntryPoint\",\"urlTemplate\":\"https:\\\/\\\/www.res-dhc.com\\\/?s={search_term_string}\"},\"query-input\":{\"@type\":\"PropertyValueSpecification\",\"valueRequired\":true,\"valueName\":\"search_term_string\"}}],\"inLanguage\":\"de\"},{\"@type\":\"Organization\",\"@id\":\"https:\\\/\\\/www.res-dhc.com\\\/#organization\",\"name\":\"RES-DHC\",\"url\":\"https:\\\/\\\/www.res-dhc.com\\\/\",\"logo\":{\"@type\":\"ImageObject\",\"inLanguage\":\"de\",\"@id\":\"https:\\\/\\\/www.res-dhc.com\\\/#\\\/schema\\\/logo\\\/image\\\/\",\"url\":\"https:\\\/\\\/www.res-dhc.com\\\/wp-content\\\/uploads\\\/2022\\\/01\\\/RES-DHC_Logo_Form-1.png\",\"contentUrl\":\"https:\\\/\\\/www.res-dhc.com\\\/wp-content\\\/uploads\\\/2022\\\/01\\\/RES-DHC_Logo_Form-1.png\",\"width\":200,\"height\":57,\"caption\":\"RES-DHC\"},\"image\":{\"@id\":\"https:\\\/\\\/www.res-dhc.com\\\/#\\\/schema\\\/logo\\\/image\\\/\"},\"sameAs\":[\"https:\\\/\\\/x.com\\\/DhcRes\",\"https:\\\/\\\/www.linkedin.com\\\/showcase\\\/res-dhc-project\\\/\"]},{\"@type\":\"Person\",\"@id\":\"https:\\\/\\\/www.res-dhc.com\\\/#\\\/schema\\\/person\\\/fd678e721a4d66003e9c6fb68942abe2\",\"name\":\"Maya Neyhousser\",\"image\":{\"@type\":\"ImageObject\",\"inLanguage\":\"de\",\"@id\":\"https:\\\/\\\/secure.gravatar.com\\\/avatar\\\/ab668f6eba684ee083b4fb14e2ff4aa9fa017e41390c706573c304df47f5b4f8?s=96&d=mm&r=g\",\"url\":\"https:\\\/\\\/secure.gravatar.com\\\/avatar\\\/ab668f6eba684ee083b4fb14e2ff4aa9fa017e41390c706573c304df47f5b4f8?s=96&d=mm&r=g\",\"contentUrl\":\"https:\\\/\\\/secure.gravatar.com\\\/avatar\\\/ab668f6eba684ee083b4fb14e2ff4aa9fa017e41390c706573c304df47f5b4f8?s=96&d=mm&r=g\",\"caption\":\"Maya Neyhousser\"},\"url\":\"https:\\\/\\\/www.res-dhc.com\\\/de\\\/author\\\/maya\\\/\"}]}<\/script>\n<!-- \/ Yoast SEO plugin. -->","yoast_head_json":{"title":"W\u00e4rmespeicher im urbanen Raum - RES-DHC","robots":{"index":"index","follow":"follow","max-snippet":"max-snippet:-1","max-image-preview":"max-image-preview:large","max-video-preview":"max-video-preview:-1"},"canonical":"https:\/\/www.res-dhc.com\/de\/2021\/12\/21\/waermespeicher-im-urbanen-raum\/","og_locale":"de_DE","og_type":"article","og_title":"W\u00e4rmespeicher im urbanen Raum - RES-DHC","og_description":"Bei der nachhaltigen W\u00e4rmeversorgung der Zukunft spielen W\u00e4rmespeicher eine zentrale Rolle, auch in urbanen W\u00e4rmenetzen. Um den vielf\u00e4ltigen Anforderungen und Varianten gerecht zu werden, werden vielerorts innovative Anlagen errichtet [...]","og_url":"https:\/\/www.res-dhc.com\/de\/2021\/12\/21\/waermespeicher-im-urbanen-raum\/","og_site_name":"RES-DHC","article_published_time":"2021-12-21T12:54:35+00:00","article_modified_time":"2022-01-03T11:16:49+00:00","og_image":[{"width":983,"height":600,"url":"https:\/\/www.res-dhc.com\/wp-content\/uploads\/2021\/12\/image-1_skaliert.png","type":"image\/png"}],"author":"Maya Neyhousser","twitter_card":"summary_large_image","twitter_creator":"@DhcRes","twitter_site":"@DhcRes","twitter_misc":{"Verfasst von":"Maya Neyhousser","Gesch\u00e4tzte Lesezeit":"3\u00a0Minuten"},"schema":{"@context":"https:\/\/schema.org","@graph":[{"@type":"Article","@id":"https:\/\/www.res-dhc.com\/de\/2021\/12\/21\/waermespeicher-im-urbanen-raum\/#article","isPartOf":{"@id":"https:\/\/www.res-dhc.com\/de\/2021\/12\/21\/waermespeicher-im-urbanen-raum\/"},"author":{"name":"Maya Neyhousser","@id":"https:\/\/www.res-dhc.com\/#\/schema\/person\/fd678e721a4d66003e9c6fb68942abe2"},"headline":"W\u00e4rmespeicher im urbanen Raum","datePublished":"2021-12-21T12:54:35+00:00","dateModified":"2022-01-03T11:16:49+00:00","mainEntityOfPage":{"@id":"https:\/\/www.res-dhc.com\/de\/2021\/12\/21\/waermespeicher-im-urbanen-raum\/"},"wordCount":582,"publisher":{"@id":"https:\/\/www.res-dhc.com\/#organization"},"image":{"@id":"https:\/\/www.res-dhc.com\/de\/2021\/12\/21\/waermespeicher-im-urbanen-raum\/#primaryimage"},"thumbnailUrl":"https:\/\/www.res-dhc.com\/wp-content\/uploads\/2021\/12\/image-1_skaliert.png","keywords":["District Heating","Solites"],"articleSection":["News DE"],"inLanguage":"de"},{"@type":"WebPage","@id":"https:\/\/www.res-dhc.com\/de\/2021\/12\/21\/waermespeicher-im-urbanen-raum\/","url":"https:\/\/www.res-dhc.com\/de\/2021\/12\/21\/waermespeicher-im-urbanen-raum\/","name":"W\u00e4rmespeicher im urbanen Raum - RES-DHC","isPartOf":{"@id":"https:\/\/www.res-dhc.com\/#website"},"primaryImageOfPage":{"@id":"https:\/\/www.res-dhc.com\/de\/2021\/12\/21\/waermespeicher-im-urbanen-raum\/#primaryimage"},"image":{"@id":"https:\/\/www.res-dhc.com\/de\/2021\/12\/21\/waermespeicher-im-urbanen-raum\/#primaryimage"},"thumbnailUrl":"https:\/\/www.res-dhc.com\/wp-content\/uploads\/2021\/12\/image-1_skaliert.png","datePublished":"2021-12-21T12:54:35+00:00","dateModified":"2022-01-03T11:16:49+00:00","breadcrumb":{"@id":"https:\/\/www.res-dhc.com\/de\/2021\/12\/21\/waermespeicher-im-urbanen-raum\/#breadcrumb"},"inLanguage":"de","potentialAction":[{"@type":"ReadAction","target":["https:\/\/www.res-dhc.com\/de\/2021\/12\/21\/waermespeicher-im-urbanen-raum\/"]}]},{"@type":"ImageObject","inLanguage":"de","@id":"https:\/\/www.res-dhc.com\/de\/2021\/12\/21\/waermespeicher-im-urbanen-raum\/#primaryimage","url":"https:\/\/www.res-dhc.com\/wp-content\/uploads\/2021\/12\/image-1_skaliert.png","contentUrl":"https:\/\/www.res-dhc.com\/wp-content\/uploads\/2021\/12\/image-1_skaliert.png","width":983,"height":600},{"@type":"BreadcrumbList","@id":"https:\/\/www.res-dhc.com\/de\/2021\/12\/21\/waermespeicher-im-urbanen-raum\/#breadcrumb","itemListElement":[{"@type":"ListItem","position":1,"name":"Home","item":"https:\/\/www.res-dhc.com\/de\/"},{"@type":"ListItem","position":2,"name":"W\u00e4rmespeicher im urbanen Raum"}]},{"@type":"WebSite","@id":"https:\/\/www.res-dhc.com\/#website","url":"https:\/\/www.res-dhc.com\/","name":"RES-DHC","description":"Renewable Energy Sources for District Heating and Cooling","publisher":{"@id":"https:\/\/www.res-dhc.com\/#organization"},"potentialAction":[{"@type":"SearchAction","target":{"@type":"EntryPoint","urlTemplate":"https:\/\/www.res-dhc.com\/?s={search_term_string}"},"query-input":{"@type":"PropertyValueSpecification","valueRequired":true,"valueName":"search_term_string"}}],"inLanguage":"de"},{"@type":"Organization","@id":"https:\/\/www.res-dhc.com\/#organization","name":"RES-DHC","url":"https:\/\/www.res-dhc.com\/","logo":{"@type":"ImageObject","inLanguage":"de","@id":"https:\/\/www.res-dhc.com\/#\/schema\/logo\/image\/","url":"https:\/\/www.res-dhc.com\/wp-content\/uploads\/2022\/01\/RES-DHC_Logo_Form-1.png","contentUrl":"https:\/\/www.res-dhc.com\/wp-content\/uploads\/2022\/01\/RES-DHC_Logo_Form-1.png","width":200,"height":57,"caption":"RES-DHC"},"image":{"@id":"https:\/\/www.res-dhc.com\/#\/schema\/logo\/image\/"},"sameAs":["https:\/\/x.com\/DhcRes","https:\/\/www.linkedin.com\/showcase\/res-dhc-project\/"]},{"@type":"Person","@id":"https:\/\/www.res-dhc.com\/#\/schema\/person\/fd678e721a4d66003e9c6fb68942abe2","name":"Maya Neyhousser","image":{"@type":"ImageObject","inLanguage":"de","@id":"https:\/\/secure.gravatar.com\/avatar\/ab668f6eba684ee083b4fb14e2ff4aa9fa017e41390c706573c304df47f5b4f8?s=96&d=mm&r=g","url":"https:\/\/secure.gravatar.com\/avatar\/ab668f6eba684ee083b4fb14e2ff4aa9fa017e41390c706573c304df47f5b4f8?s=96&d=mm&r=g","contentUrl":"https:\/\/secure.gravatar.com\/avatar\/ab668f6eba684ee083b4fb14e2ff4aa9fa017e41390c706573c304df47f5b4f8?s=96&d=mm&r=g","caption":"Maya Neyhousser"},"url":"https:\/\/www.res-dhc.com\/de\/author\/maya\/"}]}},"_links":{"self":[{"href":"https:\/\/www.res-dhc.com\/de\/wp-json\/wp\/v2\/posts\/4154","targetHints":{"allow":["GET"]}}],"collection":[{"href":"https:\/\/www.res-dhc.com\/de\/wp-json\/wp\/v2\/posts"}],"about":[{"href":"https:\/\/www.res-dhc.com\/de\/wp-json\/wp\/v2\/types\/post"}],"author":[{"embeddable":true,"href":"https:\/\/www.res-dhc.com\/de\/wp-json\/wp\/v2\/users\/20"}],"replies":[{"embeddable":true,"href":"https:\/\/www.res-dhc.com\/de\/wp-json\/wp\/v2\/comments?post=4154"}],"version-history":[{"count":4,"href":"https:\/\/www.res-dhc.com\/de\/wp-json\/wp\/v2\/posts\/4154\/revisions"}],"predecessor-version":[{"id":4169,"href":"https:\/\/www.res-dhc.com\/de\/wp-json\/wp\/v2\/posts\/4154\/revisions\/4169"}],"wp:featuredmedia":[{"embeddable":true,"href":"https:\/\/www.res-dhc.com\/de\/wp-json\/wp\/v2\/media\/4156"}],"wp:attachment":[{"href":"https:\/\/www.res-dhc.com\/de\/wp-json\/wp\/v2\/media?parent=4154"}],"wp:term":[{"taxonomy":"category","embeddable":true,"href":"https:\/\/www.res-dhc.com\/de\/wp-json\/wp\/v2\/categories?post=4154"},{"taxonomy":"post_tag","embeddable":true,"href":"https:\/\/www.res-dhc.com\/de\/wp-json\/wp\/v2\/tags?post=4154"}],"curies":[{"name":"wp","href":"https:\/\/api.w.org\/{rel}","templated":true}]}}