{"id":4033,"date":"2021-11-23T16:40:37","date_gmt":"2021-11-23T15:40:37","guid":{"rendered":"https:\/\/www.res-dhc.com\/?p=4033"},"modified":"2021-11-23T16:40:37","modified_gmt":"2021-11-23T15:40:37","slug":"ausblick-foerderungen-fuer-erneuerbare-waerme-und-waermenetze","status":"publish","type":"post","link":"https:\/\/www.res-dhc.com\/de\/2021\/11\/23\/ausblick-foerderungen-fuer-erneuerbare-waerme-und-waermenetze\/","title":{"rendered":"Ausblick: F\u00f6rderungen f\u00fcr erneuerbare W\u00e4rme und W\u00e4rmenetze"},"content":{"rendered":"<p><strong>Die geplante \u201eBundesf\u00f6rderung f\u00fcr effiziente W\u00e4rmenetze\u201c soll laut einer Stellungnahme seitens der Bundesregierung vom 15. November 2021 noch Ende 2021 anlaufen.<\/strong><\/p>\n<p>Seit August 2021 liegt der aktuellste Entwurf der \u201eBundesf\u00f6rderung f\u00fcr effiziente W\u00e4rmenetze (BEW)\u201c vor und wird aufgrund der vorgesehen maximalen F\u00f6rderh\u00f6he von 50 Mio. Euro vom Bundesministerium f\u00fcr Wirtschaft und Energie (BMWi) in einem beihilferechtlichen Notifizierungsverfahren der Europ\u00e4ischen Kommission vertreten. Der Start des Programms wird trotzdem weiterhin f\u00fcr Ende 2021, sp\u00e4testens Anfang 2022, angestrebt. Die F\u00f6rderung soll dem \u201eW\u00e4rmenetzsysteme 4.0\u201c Programm nachfolgen.<\/p>\n<p>Im Rahmen des Programms soll ein j\u00e4hrlicher Zubau von durchschnittlich bis zu 400 MW erneuerbarer W\u00e4rmeerzeugerleistung und damit eine Reduktion der Treibhausgasemissionen um 2,4 Mio. Tonnen CO<sub>2<\/sub> im Jahr 2030 erreicht werden. Bis 2025 soll im deutschen Fernw\u00e4rmesektor ein Anteil von 25 % durch erneuerbare Energien und Abw\u00e4rme gedeckt werden, bis 2030 sollen es 30 % werden.<\/p>\n<p>Die BEW ist in drei Module gegliedert:<br \/>\nIn \u201eModul 1: Transformationspl\u00e4ne, Machbarkeitsstudien\u201c werden Pl\u00e4ne zur Erh\u00f6hung des Anteils erneuerbarer Energien in Bestandsnetzen und Machbarkeitsstudien zu neuen W\u00e4rmenetzen mit mindestens 75 % erneuerbaren W\u00e4rmequellen gef\u00f6rdert.<\/p>\n<p>\u201eModul 2: Systemische F\u00f6rderung (Investitions- und Betriebskostenf\u00f6rderung)\u201c f\u00f6rdert den Neubau von W\u00e4rmenetzen mit mindestens 75 % erneuerbaren W\u00e4rmequellen, erneuerbare W\u00e4rmequellen, Infrastruktur zur W\u00e4rmeverteilung und Netzoptimierung und Ma\u00dfnahmen zur Dekarbonisierung im Rahmen eines Transformationsplans. Zudem werden unter anderem f\u00fcr Solarthermieanlagen und W\u00e4rmepumpen Betriebskosten gef\u00f6rdert.<\/p>\n<p>Unter \u201eModul 3: Einzelma\u00dfnahmen\u201c sind schnell umsetzbare Einzelma\u00dfnahmen wie Solarthermieanlagen, W\u00e4rmespeicher oder direkt-elektrische W\u00e4rmeerzeuger f\u00f6rderf\u00e4hig.<\/p>\n<p>Neben anderen F\u00f6rderbedingungen, beispielsweise bez\u00fcglich der notwendigen Anteile erneuerbarer Energien, ist im aktuellen Entwurf eine Mindestgr\u00f6\u00dfe f\u00fcr neu gebaute W\u00e4rmenetze von 16 Geb\u00e4uden oder mehr als 100 Wohneinheiten vorgesehen. Eine daraus resultierende, von verschiedenen Verb\u00e4nden aufgezeigte m\u00f6gliche F\u00f6rderl\u00fccke im Bereich kleiner W\u00e4rmenetze wurde durch eine Anpassung der F\u00f6rderrichtlinien der \u201eBundesf\u00f6rderung f\u00fcr effiziente Geb\u00e4ude (BEG)\u201c geschlossen. Nach den seit Oktober 2021 g\u00fcltigen Richtlinien werden hier auch Geb\u00e4udenetze und der Anschluss an ein Geb\u00e4ude- oder W\u00e4rmenetz gef\u00f6rdert. Ein Geb\u00e4udenetz definiert sich laut Richtlinie als \u201eNetz zur ausschlie\u00dflichen W\u00e4rmeversorgung von bis zu 16 Geb\u00e4uden oder 100 Wohneinheiten\u201c, womit die L\u00fccke zur BEW geschlossen wird.<\/p>\n<p>Auch in der Wirtschaft werden \u00fcber die seit 1. November 2021 novellierte \u201eBundesf\u00f6rderung f\u00fcr Energie- und Ressourceneffizienz\u201c die Weichen f\u00fcr mehr Nachhaltigkeit gestellt. Erstmals werden auch Investitionen zur Ressourceneinsparung und f\u00fcr betriebsinternes Recycling gef\u00f6rdert. Aber auch die F\u00f6rderung f\u00fcr au\u00dferbetriebliche Abw\u00e4rmenutzung wurde gesteigert.<\/p>\n<p>Quellen:<br \/>\n<a href=\"https:\/\/www.bmwi.de\/Redaktion\/DE\/Parlamentarische-Anfragen\/2021\/11\/11-47.pdf?__blob=publicationFile&amp;v=4\" target=\"_blank\" rel=\"noopener\">www.bmwi.de\/Stellungnahme<\/a><br \/>\n<a href=\"https:\/\/www.bundesanzeiger.de\/pub\/de\/suchergebnis?6\" target=\"_blank\" rel=\"noopener\">Bundesf\u00f6rderung f\u00fcr effiziente Geb\u00e4ude (BEG)<\/a><br \/>\n<a href=\"https:\/\/www.agfw.de\/fileadmin\/AGFW_News_Mediadateien\/Energiewende_Politik\/20210818_BEW-RL_Entwurf2.pdf\" target=\"_blank\" rel=\"noopener\">Bundesf\u00f6rderung f\u00fcr effiziente W\u00e4rmenetze (BEW)<\/a><br \/>\n<a href=\"https:\/\/www.bmwi.de\/Redaktion\/DE\/Pressemitteilungen\/2021\/10\/20211011-bundeswirtschaftsministerium-erweitert-effizienzforderung-fuer-die-wirtschaft.html\" target=\"_blank\" rel=\"noopener\">Bundesf\u00f6rderung f\u00fcr Energie- und Ressourceneffizienz<\/a><\/p>\n","protected":false},"excerpt":{"rendered":"<p>Die geplante \u201eBundesf\u00f6rderung f\u00fcr effiziente W\u00e4rmenetze\u201c soll laut einer Stellungnahme seitens der Bundesregierung vom 15. November 2021 noch Ende 2021 anlaufen. Seit August 2021 liegt der aktuellste Entwurf der  [&#8230;]<\/p>\n","protected":false},"author":20,"featured_media":4034,"comment_status":"closed","ping_status":"open","sticky":false,"template":"","format":"standard","meta":{"footnotes":""},"categories":[88],"tags":[89,91],"class_list":["post-4033","post","type-post","status-publish","format-standard","has-post-thumbnail","hentry","category-news-e-de","tag-district-heating-de","tag-solites-de"],"yoast_head":"<!-- This site is optimized with the Yoast SEO plugin v27.3 - https:\/\/yoast.com\/product\/yoast-seo-wordpress\/ -->\n<title>Ausblick: F\u00f6rderungen f\u00fcr erneuerbare W\u00e4rme und W\u00e4rmenetze - RES-DHC<\/title>\n<meta name=\"robots\" content=\"index, follow, max-snippet:-1, max-image-preview:large, max-video-preview:-1\" \/>\n<link rel=\"canonical\" href=\"https:\/\/www.res-dhc.com\/de\/2021\/11\/23\/ausblick-foerderungen-fuer-erneuerbare-waerme-und-waermenetze\/\" \/>\n<meta property=\"og:locale\" content=\"de_DE\" \/>\n<meta property=\"og:type\" content=\"article\" \/>\n<meta property=\"og:title\" content=\"Ausblick: F\u00f6rderungen f\u00fcr erneuerbare W\u00e4rme und W\u00e4rmenetze - RES-DHC\" \/>\n<meta property=\"og:description\" content=\"Die geplante \u201eBundesf\u00f6rderung f\u00fcr effiziente W\u00e4rmenetze\u201c soll laut einer Stellungnahme seitens der Bundesregierung vom 15. November 2021 noch Ende 2021 anlaufen. Seit August 2021 liegt der aktuellste Entwurf der [...]\" \/>\n<meta property=\"og:url\" content=\"https:\/\/www.res-dhc.com\/de\/2021\/11\/23\/ausblick-foerderungen-fuer-erneuerbare-waerme-und-waermenetze\/\" \/>\n<meta property=\"og:site_name\" content=\"RES-DHC\" \/>\n<meta property=\"article:published_time\" content=\"2021-11-23T15:40:37+00:00\" \/>\n<meta property=\"og:image\" content=\"https:\/\/www.res-dhc.com\/wp-content\/uploads\/2021\/11\/Fotolia_35368950_S_resize.jpg\" \/>\n\t<meta property=\"og:image:width\" content=\"1400\" \/>\n\t<meta property=\"og:image:height\" content=\"600\" \/>\n\t<meta property=\"og:image:type\" content=\"image\/jpeg\" \/>\n<meta name=\"author\" content=\"Maya Neyhousser\" \/>\n<meta name=\"twitter:card\" content=\"summary_large_image\" \/>\n<meta name=\"twitter:creator\" content=\"@DhcRes\" \/>\n<meta name=\"twitter:site\" content=\"@DhcRes\" \/>\n<meta name=\"twitter:label1\" content=\"Verfasst von\" \/>\n\t<meta name=\"twitter:data1\" content=\"Maya Neyhousser\" \/>\n\t<meta name=\"twitter:label2\" content=\"Gesch\u00e4tzte Lesezeit\" \/>\n\t<meta name=\"twitter:data2\" content=\"2\u00a0Minuten\" \/>\n<script type=\"application\/ld+json\" class=\"yoast-schema-graph\">{\"@context\":\"https:\\\/\\\/schema.org\",\"@graph\":[{\"@type\":\"Article\",\"@id\":\"https:\\\/\\\/www.res-dhc.com\\\/de\\\/2021\\\/11\\\/23\\\/ausblick-foerderungen-fuer-erneuerbare-waerme-und-waermenetze\\\/#article\",\"isPartOf\":{\"@id\":\"https:\\\/\\\/www.res-dhc.com\\\/de\\\/2021\\\/11\\\/23\\\/ausblick-foerderungen-fuer-erneuerbare-waerme-und-waermenetze\\\/\"},\"author\":{\"name\":\"Maya Neyhousser\",\"@id\":\"https:\\\/\\\/www.res-dhc.com\\\/#\\\/schema\\\/person\\\/fd678e721a4d66003e9c6fb68942abe2\"},\"headline\":\"Ausblick: F\u00f6rderungen f\u00fcr erneuerbare W\u00e4rme und W\u00e4rmenetze\",\"datePublished\":\"2021-11-23T15:40:37+00:00\",\"mainEntityOfPage\":{\"@id\":\"https:\\\/\\\/www.res-dhc.com\\\/de\\\/2021\\\/11\\\/23\\\/ausblick-foerderungen-fuer-erneuerbare-waerme-und-waermenetze\\\/\"},\"wordCount\":459,\"publisher\":{\"@id\":\"https:\\\/\\\/www.res-dhc.com\\\/#organization\"},\"image\":{\"@id\":\"https:\\\/\\\/www.res-dhc.com\\\/de\\\/2021\\\/11\\\/23\\\/ausblick-foerderungen-fuer-erneuerbare-waerme-und-waermenetze\\\/#primaryimage\"},\"thumbnailUrl\":\"https:\\\/\\\/www.res-dhc.com\\\/wp-content\\\/uploads\\\/2021\\\/11\\\/Fotolia_35368950_S_resize.jpg\",\"keywords\":[\"District Heating\",\"Solites\"],\"articleSection\":[\"News E\"],\"inLanguage\":\"de\"},{\"@type\":\"WebPage\",\"@id\":\"https:\\\/\\\/www.res-dhc.com\\\/de\\\/2021\\\/11\\\/23\\\/ausblick-foerderungen-fuer-erneuerbare-waerme-und-waermenetze\\\/\",\"url\":\"https:\\\/\\\/www.res-dhc.com\\\/de\\\/2021\\\/11\\\/23\\\/ausblick-foerderungen-fuer-erneuerbare-waerme-und-waermenetze\\\/\",\"name\":\"Ausblick: F\u00f6rderungen f\u00fcr erneuerbare W\u00e4rme und W\u00e4rmenetze - RES-DHC\",\"isPartOf\":{\"@id\":\"https:\\\/\\\/www.res-dhc.com\\\/#website\"},\"primaryImageOfPage\":{\"@id\":\"https:\\\/\\\/www.res-dhc.com\\\/de\\\/2021\\\/11\\\/23\\\/ausblick-foerderungen-fuer-erneuerbare-waerme-und-waermenetze\\\/#primaryimage\"},\"image\":{\"@id\":\"https:\\\/\\\/www.res-dhc.com\\\/de\\\/2021\\\/11\\\/23\\\/ausblick-foerderungen-fuer-erneuerbare-waerme-und-waermenetze\\\/#primaryimage\"},\"thumbnailUrl\":\"https:\\\/\\\/www.res-dhc.com\\\/wp-content\\\/uploads\\\/2021\\\/11\\\/Fotolia_35368950_S_resize.jpg\",\"datePublished\":\"2021-11-23T15:40:37+00:00\",\"breadcrumb\":{\"@id\":\"https:\\\/\\\/www.res-dhc.com\\\/de\\\/2021\\\/11\\\/23\\\/ausblick-foerderungen-fuer-erneuerbare-waerme-und-waermenetze\\\/#breadcrumb\"},\"inLanguage\":\"de\",\"potentialAction\":[{\"@type\":\"ReadAction\",\"target\":[\"https:\\\/\\\/www.res-dhc.com\\\/de\\\/2021\\\/11\\\/23\\\/ausblick-foerderungen-fuer-erneuerbare-waerme-und-waermenetze\\\/\"]}]},{\"@type\":\"ImageObject\",\"inLanguage\":\"de\",\"@id\":\"https:\\\/\\\/www.res-dhc.com\\\/de\\\/2021\\\/11\\\/23\\\/ausblick-foerderungen-fuer-erneuerbare-waerme-und-waermenetze\\\/#primaryimage\",\"url\":\"https:\\\/\\\/www.res-dhc.com\\\/wp-content\\\/uploads\\\/2021\\\/11\\\/Fotolia_35368950_S_resize.jpg\",\"contentUrl\":\"https:\\\/\\\/www.res-dhc.com\\\/wp-content\\\/uploads\\\/2021\\\/11\\\/Fotolia_35368950_S_resize.jpg\",\"width\":1400,\"height\":600},{\"@type\":\"BreadcrumbList\",\"@id\":\"https:\\\/\\\/www.res-dhc.com\\\/de\\\/2021\\\/11\\\/23\\\/ausblick-foerderungen-fuer-erneuerbare-waerme-und-waermenetze\\\/#breadcrumb\",\"itemListElement\":[{\"@type\":\"ListItem\",\"position\":1,\"name\":\"Home\",\"item\":\"https:\\\/\\\/www.res-dhc.com\\\/de\\\/\"},{\"@type\":\"ListItem\",\"position\":2,\"name\":\"Ausblick: F\u00f6rderungen f\u00fcr erneuerbare W\u00e4rme und W\u00e4rmenetze\"}]},{\"@type\":\"WebSite\",\"@id\":\"https:\\\/\\\/www.res-dhc.com\\\/#website\",\"url\":\"https:\\\/\\\/www.res-dhc.com\\\/\",\"name\":\"RES-DHC\",\"description\":\"Renewable Energy Sources for District Heating and Cooling\",\"publisher\":{\"@id\":\"https:\\\/\\\/www.res-dhc.com\\\/#organization\"},\"potentialAction\":[{\"@type\":\"SearchAction\",\"target\":{\"@type\":\"EntryPoint\",\"urlTemplate\":\"https:\\\/\\\/www.res-dhc.com\\\/?s={search_term_string}\"},\"query-input\":{\"@type\":\"PropertyValueSpecification\",\"valueRequired\":true,\"valueName\":\"search_term_string\"}}],\"inLanguage\":\"de\"},{\"@type\":\"Organization\",\"@id\":\"https:\\\/\\\/www.res-dhc.com\\\/#organization\",\"name\":\"RES-DHC\",\"url\":\"https:\\\/\\\/www.res-dhc.com\\\/\",\"logo\":{\"@type\":\"ImageObject\",\"inLanguage\":\"de\",\"@id\":\"https:\\\/\\\/www.res-dhc.com\\\/#\\\/schema\\\/logo\\\/image\\\/\",\"url\":\"https:\\\/\\\/www.res-dhc.com\\\/wp-content\\\/uploads\\\/2022\\\/01\\\/RES-DHC_Logo_Form-1.png\",\"contentUrl\":\"https:\\\/\\\/www.res-dhc.com\\\/wp-content\\\/uploads\\\/2022\\\/01\\\/RES-DHC_Logo_Form-1.png\",\"width\":200,\"height\":57,\"caption\":\"RES-DHC\"},\"image\":{\"@id\":\"https:\\\/\\\/www.res-dhc.com\\\/#\\\/schema\\\/logo\\\/image\\\/\"},\"sameAs\":[\"https:\\\/\\\/x.com\\\/DhcRes\",\"https:\\\/\\\/www.linkedin.com\\\/showcase\\\/res-dhc-project\\\/\"]},{\"@type\":\"Person\",\"@id\":\"https:\\\/\\\/www.res-dhc.com\\\/#\\\/schema\\\/person\\\/fd678e721a4d66003e9c6fb68942abe2\",\"name\":\"Maya Neyhousser\",\"image\":{\"@type\":\"ImageObject\",\"inLanguage\":\"de\",\"@id\":\"https:\\\/\\\/secure.gravatar.com\\\/avatar\\\/ab668f6eba684ee083b4fb14e2ff4aa9fa017e41390c706573c304df47f5b4f8?s=96&d=mm&r=g\",\"url\":\"https:\\\/\\\/secure.gravatar.com\\\/avatar\\\/ab668f6eba684ee083b4fb14e2ff4aa9fa017e41390c706573c304df47f5b4f8?s=96&d=mm&r=g\",\"contentUrl\":\"https:\\\/\\\/secure.gravatar.com\\\/avatar\\\/ab668f6eba684ee083b4fb14e2ff4aa9fa017e41390c706573c304df47f5b4f8?s=96&d=mm&r=g\",\"caption\":\"Maya Neyhousser\"},\"url\":\"https:\\\/\\\/www.res-dhc.com\\\/de\\\/author\\\/maya\\\/\"}]}<\/script>\n<!-- \/ Yoast SEO plugin. -->","yoast_head_json":{"title":"Ausblick: F\u00f6rderungen f\u00fcr erneuerbare W\u00e4rme und W\u00e4rmenetze - RES-DHC","robots":{"index":"index","follow":"follow","max-snippet":"max-snippet:-1","max-image-preview":"max-image-preview:large","max-video-preview":"max-video-preview:-1"},"canonical":"https:\/\/www.res-dhc.com\/de\/2021\/11\/23\/ausblick-foerderungen-fuer-erneuerbare-waerme-und-waermenetze\/","og_locale":"de_DE","og_type":"article","og_title":"Ausblick: F\u00f6rderungen f\u00fcr erneuerbare W\u00e4rme und W\u00e4rmenetze - RES-DHC","og_description":"Die geplante \u201eBundesf\u00f6rderung f\u00fcr effiziente W\u00e4rmenetze\u201c soll laut einer Stellungnahme seitens der Bundesregierung vom 15. November 2021 noch Ende 2021 anlaufen. Seit August 2021 liegt der aktuellste Entwurf der [...]","og_url":"https:\/\/www.res-dhc.com\/de\/2021\/11\/23\/ausblick-foerderungen-fuer-erneuerbare-waerme-und-waermenetze\/","og_site_name":"RES-DHC","article_published_time":"2021-11-23T15:40:37+00:00","og_image":[{"width":1400,"height":600,"url":"https:\/\/www.res-dhc.com\/wp-content\/uploads\/2021\/11\/Fotolia_35368950_S_resize.jpg","type":"image\/jpeg"}],"author":"Maya Neyhousser","twitter_card":"summary_large_image","twitter_creator":"@DhcRes","twitter_site":"@DhcRes","twitter_misc":{"Verfasst von":"Maya Neyhousser","Gesch\u00e4tzte Lesezeit":"2\u00a0Minuten"},"schema":{"@context":"https:\/\/schema.org","@graph":[{"@type":"Article","@id":"https:\/\/www.res-dhc.com\/de\/2021\/11\/23\/ausblick-foerderungen-fuer-erneuerbare-waerme-und-waermenetze\/#article","isPartOf":{"@id":"https:\/\/www.res-dhc.com\/de\/2021\/11\/23\/ausblick-foerderungen-fuer-erneuerbare-waerme-und-waermenetze\/"},"author":{"name":"Maya Neyhousser","@id":"https:\/\/www.res-dhc.com\/#\/schema\/person\/fd678e721a4d66003e9c6fb68942abe2"},"headline":"Ausblick: F\u00f6rderungen f\u00fcr erneuerbare W\u00e4rme und W\u00e4rmenetze","datePublished":"2021-11-23T15:40:37+00:00","mainEntityOfPage":{"@id":"https:\/\/www.res-dhc.com\/de\/2021\/11\/23\/ausblick-foerderungen-fuer-erneuerbare-waerme-und-waermenetze\/"},"wordCount":459,"publisher":{"@id":"https:\/\/www.res-dhc.com\/#organization"},"image":{"@id":"https:\/\/www.res-dhc.com\/de\/2021\/11\/23\/ausblick-foerderungen-fuer-erneuerbare-waerme-und-waermenetze\/#primaryimage"},"thumbnailUrl":"https:\/\/www.res-dhc.com\/wp-content\/uploads\/2021\/11\/Fotolia_35368950_S_resize.jpg","keywords":["District Heating","Solites"],"articleSection":["News E"],"inLanguage":"de"},{"@type":"WebPage","@id":"https:\/\/www.res-dhc.com\/de\/2021\/11\/23\/ausblick-foerderungen-fuer-erneuerbare-waerme-und-waermenetze\/","url":"https:\/\/www.res-dhc.com\/de\/2021\/11\/23\/ausblick-foerderungen-fuer-erneuerbare-waerme-und-waermenetze\/","name":"Ausblick: F\u00f6rderungen f\u00fcr erneuerbare W\u00e4rme und W\u00e4rmenetze - RES-DHC","isPartOf":{"@id":"https:\/\/www.res-dhc.com\/#website"},"primaryImageOfPage":{"@id":"https:\/\/www.res-dhc.com\/de\/2021\/11\/23\/ausblick-foerderungen-fuer-erneuerbare-waerme-und-waermenetze\/#primaryimage"},"image":{"@id":"https:\/\/www.res-dhc.com\/de\/2021\/11\/23\/ausblick-foerderungen-fuer-erneuerbare-waerme-und-waermenetze\/#primaryimage"},"thumbnailUrl":"https:\/\/www.res-dhc.com\/wp-content\/uploads\/2021\/11\/Fotolia_35368950_S_resize.jpg","datePublished":"2021-11-23T15:40:37+00:00","breadcrumb":{"@id":"https:\/\/www.res-dhc.com\/de\/2021\/11\/23\/ausblick-foerderungen-fuer-erneuerbare-waerme-und-waermenetze\/#breadcrumb"},"inLanguage":"de","potentialAction":[{"@type":"ReadAction","target":["https:\/\/www.res-dhc.com\/de\/2021\/11\/23\/ausblick-foerderungen-fuer-erneuerbare-waerme-und-waermenetze\/"]}]},{"@type":"ImageObject","inLanguage":"de","@id":"https:\/\/www.res-dhc.com\/de\/2021\/11\/23\/ausblick-foerderungen-fuer-erneuerbare-waerme-und-waermenetze\/#primaryimage","url":"https:\/\/www.res-dhc.com\/wp-content\/uploads\/2021\/11\/Fotolia_35368950_S_resize.jpg","contentUrl":"https:\/\/www.res-dhc.com\/wp-content\/uploads\/2021\/11\/Fotolia_35368950_S_resize.jpg","width":1400,"height":600},{"@type":"BreadcrumbList","@id":"https:\/\/www.res-dhc.com\/de\/2021\/11\/23\/ausblick-foerderungen-fuer-erneuerbare-waerme-und-waermenetze\/#breadcrumb","itemListElement":[{"@type":"ListItem","position":1,"name":"Home","item":"https:\/\/www.res-dhc.com\/de\/"},{"@type":"ListItem","position":2,"name":"Ausblick: F\u00f6rderungen f\u00fcr erneuerbare W\u00e4rme und W\u00e4rmenetze"}]},{"@type":"WebSite","@id":"https:\/\/www.res-dhc.com\/#website","url":"https:\/\/www.res-dhc.com\/","name":"RES-DHC","description":"Renewable Energy Sources for District Heating and Cooling","publisher":{"@id":"https:\/\/www.res-dhc.com\/#organization"},"potentialAction":[{"@type":"SearchAction","target":{"@type":"EntryPoint","urlTemplate":"https:\/\/www.res-dhc.com\/?s={search_term_string}"},"query-input":{"@type":"PropertyValueSpecification","valueRequired":true,"valueName":"search_term_string"}}],"inLanguage":"de"},{"@type":"Organization","@id":"https:\/\/www.res-dhc.com\/#organization","name":"RES-DHC","url":"https:\/\/www.res-dhc.com\/","logo":{"@type":"ImageObject","inLanguage":"de","@id":"https:\/\/www.res-dhc.com\/#\/schema\/logo\/image\/","url":"https:\/\/www.res-dhc.com\/wp-content\/uploads\/2022\/01\/RES-DHC_Logo_Form-1.png","contentUrl":"https:\/\/www.res-dhc.com\/wp-content\/uploads\/2022\/01\/RES-DHC_Logo_Form-1.png","width":200,"height":57,"caption":"RES-DHC"},"image":{"@id":"https:\/\/www.res-dhc.com\/#\/schema\/logo\/image\/"},"sameAs":["https:\/\/x.com\/DhcRes","https:\/\/www.linkedin.com\/showcase\/res-dhc-project\/"]},{"@type":"Person","@id":"https:\/\/www.res-dhc.com\/#\/schema\/person\/fd678e721a4d66003e9c6fb68942abe2","name":"Maya Neyhousser","image":{"@type":"ImageObject","inLanguage":"de","@id":"https:\/\/secure.gravatar.com\/avatar\/ab668f6eba684ee083b4fb14e2ff4aa9fa017e41390c706573c304df47f5b4f8?s=96&d=mm&r=g","url":"https:\/\/secure.gravatar.com\/avatar\/ab668f6eba684ee083b4fb14e2ff4aa9fa017e41390c706573c304df47f5b4f8?s=96&d=mm&r=g","contentUrl":"https:\/\/secure.gravatar.com\/avatar\/ab668f6eba684ee083b4fb14e2ff4aa9fa017e41390c706573c304df47f5b4f8?s=96&d=mm&r=g","caption":"Maya Neyhousser"},"url":"https:\/\/www.res-dhc.com\/de\/author\/maya\/"}]}},"_links":{"self":[{"href":"https:\/\/www.res-dhc.com\/de\/wp-json\/wp\/v2\/posts\/4033","targetHints":{"allow":["GET"]}}],"collection":[{"href":"https:\/\/www.res-dhc.com\/de\/wp-json\/wp\/v2\/posts"}],"about":[{"href":"https:\/\/www.res-dhc.com\/de\/wp-json\/wp\/v2\/types\/post"}],"author":[{"embeddable":true,"href":"https:\/\/www.res-dhc.com\/de\/wp-json\/wp\/v2\/users\/20"}],"replies":[{"embeddable":true,"href":"https:\/\/www.res-dhc.com\/de\/wp-json\/wp\/v2\/comments?post=4033"}],"version-history":[{"count":1,"href":"https:\/\/www.res-dhc.com\/de\/wp-json\/wp\/v2\/posts\/4033\/revisions"}],"predecessor-version":[{"id":4042,"href":"https:\/\/www.res-dhc.com\/de\/wp-json\/wp\/v2\/posts\/4033\/revisions\/4042"}],"wp:featuredmedia":[{"embeddable":true,"href":"https:\/\/www.res-dhc.com\/de\/wp-json\/wp\/v2\/media\/4034"}],"wp:attachment":[{"href":"https:\/\/www.res-dhc.com\/de\/wp-json\/wp\/v2\/media?parent=4033"}],"wp:term":[{"taxonomy":"category","embeddable":true,"href":"https:\/\/www.res-dhc.com\/de\/wp-json\/wp\/v2\/categories?post=4033"},{"taxonomy":"post_tag","embeddable":true,"href":"https:\/\/www.res-dhc.com\/de\/wp-json\/wp\/v2\/tags?post=4033"}],"curies":[{"name":"wp","href":"https:\/\/api.w.org\/{rel}","templated":true}]}}