{"id":2595,"date":"2021-03-24T16:07:50","date_gmt":"2021-03-24T15:07:50","guid":{"rendered":"https:\/\/www.res-dhc.com\/?p=2595"},"modified":"2021-03-24T16:11:54","modified_gmt":"2021-03-24T15:11:54","slug":"vku-baden-wuerttemberg-fordert-umsetzung-der-waermewende","status":"publish","type":"post","link":"https:\/\/www.res-dhc.com\/de\/2021\/03\/24\/vku-baden-wuerttemberg-fordert-umsetzung-der-waermewende\/","title":{"rendered":"VKU Baden-W\u00fcrttemberg fordert Umsetzung der W\u00e4rmewende"},"content":{"rendered":"<p><strong>In dem Positionspapier \u201eKommunale Daseinsvorsorge: Wahlperiode 2021-2026\u201c fordert der Verband kommunaler Unternehmen e.V. (VKU) unter anderem Unterst\u00fctzung bei der Umsetzung der W\u00e4rmewende. <\/strong><\/p>\n<p>In dem Papier fasst der Verband zentrale Anliegen und Forderungen seiner Mitgliedsunternehmen zu den Themen Wasser\/Abwasser, digitale Infrastrukturen, Energie- und W\u00e4rmewende f\u00fcr den Klimaschutz, Mobilit\u00e4t und Abfallwirtschaft zusammen. Die Umsetzung der W\u00e4rmewende soll durch den Ausbau und die Nachverdichtung leitungsgebundener Infrastrukturen, sprich W\u00e4rme- und Gr\u00fcngasnetzen, vorangetrieben werden. Der Ausbau soll durch den Gesetzgeber unterst\u00fctzt werden, um kommunale Investitionen anzureizen. Mit einem Anteil von ca. 40 % der energiebedingten CO<sub>2<\/sub>-Emissionen seien f\u00fcr kommunale Unternehmen im W\u00e4rmesektor enorme Reduktionspotentiale zu heben. Hierf\u00fcr sei der Ausbau von W\u00e4rmenetzen mit erneuerbaren Energiequellen wie Biomasse, Solarenergie oder Abw\u00e4rme ideal. Auch die Nachverdichtung von Gasnetzen sei wichtig, da aufgrund des perspektivischen Einsatzes gr\u00fcnen Gases auch eine Grundlage f\u00fcr Sektorenkoppelung geschaffen werde, bei der die Bereiche Strom, W\u00e4rme und Verkehr physikalisch verkn\u00fcpft werden. Passend dazu nimmt der VKU an dem von der EU gef\u00f6rderten Projekt RES-DHC als Beiratsmitglied teil. Das Projekt hat das Ziel, die Anteile erneuerbarer Energien in bestehenden, urbanen W\u00e4rmenetzen zu erh\u00f6hen.<\/p>\n<p>Der VKU hat 205 Mitgliedsunternehmen mit \u00fcber 33.000 Besch\u00e4ftigten in Baden-W\u00fcrttemberg, davon 1.900 im Bereich der W\u00e4rmeversorgung. An den 2.700 km Leitungsnetz sind 62.000 Haushalte angeschlossen.<\/p>\n<p>Link zum Positionspapier: <a href=\"https:\/\/www.vku.de\/verband\/struktur\/vku-in-den-laendern\/baden-wuerttemberg\/publikationen\/positionspapier-kommunale-daseinsvorsorge-wahlperiode-2021-2026\/\" target=\"_blank\" rel=\"noopener\">www.vku.de<\/a><\/p>\n","protected":false},"excerpt":{"rendered":"<p>In dem Positionspapier \u201eKommunale Daseinsvorsorge: Wahlperiode 2021-2026\u201c fordert der Verband kommunaler Unternehmen e.V. (VKU) unter anderem Unterst\u00fctzung bei der Umsetzung der W\u00e4rmewende. In dem Papier fasst der Verband zentrale  [&#8230;]<\/p>\n","protected":false},"author":20,"featured_media":2596,"comment_status":"closed","ping_status":"open","sticky":false,"template":"","format":"standard","meta":{"footnotes":""},"categories":[108],"tags":[53,50],"class_list":["post-2595","post","type-post","status-publish","format-standard","has-post-thumbnail","hentry","category-news-de","tag-district-heating","tag-solar"],"yoast_head":"<!-- This site is optimized with the Yoast SEO plugin v27.3 - https:\/\/yoast.com\/product\/yoast-seo-wordpress\/ -->\n<title>VKU Baden-W\u00fcrttemberg fordert Umsetzung der W\u00e4rmewende - RES-DHC<\/title>\n<meta name=\"robots\" content=\"index, follow, max-snippet:-1, max-image-preview:large, max-video-preview:-1\" \/>\n<link rel=\"canonical\" href=\"https:\/\/www.res-dhc.com\/de\/2021\/03\/24\/vku-baden-wuerttemberg-fordert-umsetzung-der-waermewende\/\" \/>\n<meta property=\"og:locale\" content=\"de_DE\" \/>\n<meta property=\"og:type\" content=\"article\" \/>\n<meta property=\"og:title\" content=\"VKU Baden-W\u00fcrttemberg fordert Umsetzung der W\u00e4rmewende - RES-DHC\" \/>\n<meta property=\"og:description\" content=\"In dem Positionspapier \u201eKommunale Daseinsvorsorge: Wahlperiode 2021-2026\u201c fordert der Verband kommunaler Unternehmen e.V. (VKU) unter anderem Unterst\u00fctzung bei der Umsetzung der W\u00e4rmewende. In dem Papier fasst der Verband zentrale [...]\" \/>\n<meta property=\"og:url\" content=\"https:\/\/www.res-dhc.com\/de\/2021\/03\/24\/vku-baden-wuerttemberg-fordert-umsetzung-der-waermewende\/\" \/>\n<meta property=\"og:site_name\" content=\"RES-DHC\" \/>\n<meta property=\"article:published_time\" content=\"2021-03-24T15:07:50+00:00\" \/>\n<meta property=\"article:modified_time\" content=\"2021-03-24T15:11:54+00:00\" \/>\n<meta property=\"og:image\" content=\"https:\/\/www.res-dhc.com\/wp-content\/uploads\/2021\/03\/VKU-BW_Positionen-Landtag_ES_Seite_1_1200-600.jpg\" \/>\n\t<meta property=\"og:image:width\" content=\"1200\" \/>\n\t<meta property=\"og:image:height\" content=\"601\" \/>\n\t<meta property=\"og:image:type\" content=\"image\/jpeg\" \/>\n<meta name=\"author\" content=\"Maya Neyhousser\" \/>\n<meta name=\"twitter:card\" content=\"summary_large_image\" \/>\n<meta name=\"twitter:creator\" content=\"@DhcRes\" \/>\n<meta name=\"twitter:site\" content=\"@DhcRes\" \/>\n<meta name=\"twitter:label1\" content=\"Verfasst von\" \/>\n\t<meta name=\"twitter:data1\" content=\"Maya Neyhousser\" \/>\n\t<meta name=\"twitter:label2\" content=\"Gesch\u00e4tzte Lesezeit\" \/>\n\t<meta name=\"twitter:data2\" content=\"1\u00a0Minute\" \/>\n<script type=\"application\/ld+json\" class=\"yoast-schema-graph\">{\"@context\":\"https:\\\/\\\/schema.org\",\"@graph\":[{\"@type\":\"Article\",\"@id\":\"https:\\\/\\\/www.res-dhc.com\\\/de\\\/2021\\\/03\\\/24\\\/vku-baden-wuerttemberg-fordert-umsetzung-der-waermewende\\\/#article\",\"isPartOf\":{\"@id\":\"https:\\\/\\\/www.res-dhc.com\\\/de\\\/2021\\\/03\\\/24\\\/vku-baden-wuerttemberg-fordert-umsetzung-der-waermewende\\\/\"},\"author\":{\"name\":\"Maya Neyhousser\",\"@id\":\"https:\\\/\\\/www.res-dhc.com\\\/#\\\/schema\\\/person\\\/fd678e721a4d66003e9c6fb68942abe2\"},\"headline\":\"VKU Baden-W\u00fcrttemberg fordert Umsetzung der W\u00e4rmewende\",\"datePublished\":\"2021-03-24T15:07:50+00:00\",\"dateModified\":\"2021-03-24T15:11:54+00:00\",\"mainEntityOfPage\":{\"@id\":\"https:\\\/\\\/www.res-dhc.com\\\/de\\\/2021\\\/03\\\/24\\\/vku-baden-wuerttemberg-fordert-umsetzung-der-waermewende\\\/\"},\"wordCount\":239,\"publisher\":{\"@id\":\"https:\\\/\\\/www.res-dhc.com\\\/#organization\"},\"image\":{\"@id\":\"https:\\\/\\\/www.res-dhc.com\\\/de\\\/2021\\\/03\\\/24\\\/vku-baden-wuerttemberg-fordert-umsetzung-der-waermewende\\\/#primaryimage\"},\"thumbnailUrl\":\"https:\\\/\\\/www.res-dhc.com\\\/wp-content\\\/uploads\\\/2021\\\/03\\\/VKU-BW_Positionen-Landtag_ES_Seite_1_1200-600.jpg\",\"keywords\":[\"District Heating\",\"Solar\"],\"articleSection\":[\"News DE\"],\"inLanguage\":\"de\"},{\"@type\":\"WebPage\",\"@id\":\"https:\\\/\\\/www.res-dhc.com\\\/de\\\/2021\\\/03\\\/24\\\/vku-baden-wuerttemberg-fordert-umsetzung-der-waermewende\\\/\",\"url\":\"https:\\\/\\\/www.res-dhc.com\\\/de\\\/2021\\\/03\\\/24\\\/vku-baden-wuerttemberg-fordert-umsetzung-der-waermewende\\\/\",\"name\":\"VKU Baden-W\u00fcrttemberg fordert Umsetzung der W\u00e4rmewende - RES-DHC\",\"isPartOf\":{\"@id\":\"https:\\\/\\\/www.res-dhc.com\\\/#website\"},\"primaryImageOfPage\":{\"@id\":\"https:\\\/\\\/www.res-dhc.com\\\/de\\\/2021\\\/03\\\/24\\\/vku-baden-wuerttemberg-fordert-umsetzung-der-waermewende\\\/#primaryimage\"},\"image\":{\"@id\":\"https:\\\/\\\/www.res-dhc.com\\\/de\\\/2021\\\/03\\\/24\\\/vku-baden-wuerttemberg-fordert-umsetzung-der-waermewende\\\/#primaryimage\"},\"thumbnailUrl\":\"https:\\\/\\\/www.res-dhc.com\\\/wp-content\\\/uploads\\\/2021\\\/03\\\/VKU-BW_Positionen-Landtag_ES_Seite_1_1200-600.jpg\",\"datePublished\":\"2021-03-24T15:07:50+00:00\",\"dateModified\":\"2021-03-24T15:11:54+00:00\",\"breadcrumb\":{\"@id\":\"https:\\\/\\\/www.res-dhc.com\\\/de\\\/2021\\\/03\\\/24\\\/vku-baden-wuerttemberg-fordert-umsetzung-der-waermewende\\\/#breadcrumb\"},\"inLanguage\":\"de\",\"potentialAction\":[{\"@type\":\"ReadAction\",\"target\":[\"https:\\\/\\\/www.res-dhc.com\\\/de\\\/2021\\\/03\\\/24\\\/vku-baden-wuerttemberg-fordert-umsetzung-der-waermewende\\\/\"]}]},{\"@type\":\"ImageObject\",\"inLanguage\":\"de\",\"@id\":\"https:\\\/\\\/www.res-dhc.com\\\/de\\\/2021\\\/03\\\/24\\\/vku-baden-wuerttemberg-fordert-umsetzung-der-waermewende\\\/#primaryimage\",\"url\":\"https:\\\/\\\/www.res-dhc.com\\\/wp-content\\\/uploads\\\/2021\\\/03\\\/VKU-BW_Positionen-Landtag_ES_Seite_1_1200-600.jpg\",\"contentUrl\":\"https:\\\/\\\/www.res-dhc.com\\\/wp-content\\\/uploads\\\/2021\\\/03\\\/VKU-BW_Positionen-Landtag_ES_Seite_1_1200-600.jpg\",\"width\":1200,\"height\":601},{\"@type\":\"BreadcrumbList\",\"@id\":\"https:\\\/\\\/www.res-dhc.com\\\/de\\\/2021\\\/03\\\/24\\\/vku-baden-wuerttemberg-fordert-umsetzung-der-waermewende\\\/#breadcrumb\",\"itemListElement\":[{\"@type\":\"ListItem\",\"position\":1,\"name\":\"Home\",\"item\":\"https:\\\/\\\/www.res-dhc.com\\\/de\\\/\"},{\"@type\":\"ListItem\",\"position\":2,\"name\":\"VKU Baden-W\u00fcrttemberg fordert Umsetzung der W\u00e4rmewende\"}]},{\"@type\":\"WebSite\",\"@id\":\"https:\\\/\\\/www.res-dhc.com\\\/#website\",\"url\":\"https:\\\/\\\/www.res-dhc.com\\\/\",\"name\":\"RES-DHC\",\"description\":\"Renewable Energy Sources for District Heating and Cooling\",\"publisher\":{\"@id\":\"https:\\\/\\\/www.res-dhc.com\\\/#organization\"},\"potentialAction\":[{\"@type\":\"SearchAction\",\"target\":{\"@type\":\"EntryPoint\",\"urlTemplate\":\"https:\\\/\\\/www.res-dhc.com\\\/?s={search_term_string}\"},\"query-input\":{\"@type\":\"PropertyValueSpecification\",\"valueRequired\":true,\"valueName\":\"search_term_string\"}}],\"inLanguage\":\"de\"},{\"@type\":\"Organization\",\"@id\":\"https:\\\/\\\/www.res-dhc.com\\\/#organization\",\"name\":\"RES-DHC\",\"url\":\"https:\\\/\\\/www.res-dhc.com\\\/\",\"logo\":{\"@type\":\"ImageObject\",\"inLanguage\":\"de\",\"@id\":\"https:\\\/\\\/www.res-dhc.com\\\/#\\\/schema\\\/logo\\\/image\\\/\",\"url\":\"https:\\\/\\\/www.res-dhc.com\\\/wp-content\\\/uploads\\\/2022\\\/01\\\/RES-DHC_Logo_Form-1.png\",\"contentUrl\":\"https:\\\/\\\/www.res-dhc.com\\\/wp-content\\\/uploads\\\/2022\\\/01\\\/RES-DHC_Logo_Form-1.png\",\"width\":200,\"height\":57,\"caption\":\"RES-DHC\"},\"image\":{\"@id\":\"https:\\\/\\\/www.res-dhc.com\\\/#\\\/schema\\\/logo\\\/image\\\/\"},\"sameAs\":[\"https:\\\/\\\/x.com\\\/DhcRes\",\"https:\\\/\\\/www.linkedin.com\\\/showcase\\\/res-dhc-project\\\/\"]},{\"@type\":\"Person\",\"@id\":\"https:\\\/\\\/www.res-dhc.com\\\/#\\\/schema\\\/person\\\/fd678e721a4d66003e9c6fb68942abe2\",\"name\":\"Maya Neyhousser\",\"image\":{\"@type\":\"ImageObject\",\"inLanguage\":\"de\",\"@id\":\"https:\\\/\\\/secure.gravatar.com\\\/avatar\\\/ab668f6eba684ee083b4fb14e2ff4aa9fa017e41390c706573c304df47f5b4f8?s=96&d=mm&r=g\",\"url\":\"https:\\\/\\\/secure.gravatar.com\\\/avatar\\\/ab668f6eba684ee083b4fb14e2ff4aa9fa017e41390c706573c304df47f5b4f8?s=96&d=mm&r=g\",\"contentUrl\":\"https:\\\/\\\/secure.gravatar.com\\\/avatar\\\/ab668f6eba684ee083b4fb14e2ff4aa9fa017e41390c706573c304df47f5b4f8?s=96&d=mm&r=g\",\"caption\":\"Maya Neyhousser\"},\"url\":\"https:\\\/\\\/www.res-dhc.com\\\/de\\\/author\\\/maya\\\/\"}]}<\/script>\n<!-- \/ Yoast SEO plugin. -->","yoast_head_json":{"title":"VKU Baden-W\u00fcrttemberg fordert Umsetzung der W\u00e4rmewende - RES-DHC","robots":{"index":"index","follow":"follow","max-snippet":"max-snippet:-1","max-image-preview":"max-image-preview:large","max-video-preview":"max-video-preview:-1"},"canonical":"https:\/\/www.res-dhc.com\/de\/2021\/03\/24\/vku-baden-wuerttemberg-fordert-umsetzung-der-waermewende\/","og_locale":"de_DE","og_type":"article","og_title":"VKU Baden-W\u00fcrttemberg fordert Umsetzung der W\u00e4rmewende - RES-DHC","og_description":"In dem Positionspapier \u201eKommunale Daseinsvorsorge: Wahlperiode 2021-2026\u201c fordert der Verband kommunaler Unternehmen e.V. (VKU) unter anderem Unterst\u00fctzung bei der Umsetzung der W\u00e4rmewende. In dem Papier fasst der Verband zentrale [...]","og_url":"https:\/\/www.res-dhc.com\/de\/2021\/03\/24\/vku-baden-wuerttemberg-fordert-umsetzung-der-waermewende\/","og_site_name":"RES-DHC","article_published_time":"2021-03-24T15:07:50+00:00","article_modified_time":"2021-03-24T15:11:54+00:00","og_image":[{"width":1200,"height":601,"url":"https:\/\/www.res-dhc.com\/wp-content\/uploads\/2021\/03\/VKU-BW_Positionen-Landtag_ES_Seite_1_1200-600.jpg","type":"image\/jpeg"}],"author":"Maya Neyhousser","twitter_card":"summary_large_image","twitter_creator":"@DhcRes","twitter_site":"@DhcRes","twitter_misc":{"Verfasst von":"Maya Neyhousser","Gesch\u00e4tzte Lesezeit":"1\u00a0Minute"},"schema":{"@context":"https:\/\/schema.org","@graph":[{"@type":"Article","@id":"https:\/\/www.res-dhc.com\/de\/2021\/03\/24\/vku-baden-wuerttemberg-fordert-umsetzung-der-waermewende\/#article","isPartOf":{"@id":"https:\/\/www.res-dhc.com\/de\/2021\/03\/24\/vku-baden-wuerttemberg-fordert-umsetzung-der-waermewende\/"},"author":{"name":"Maya Neyhousser","@id":"https:\/\/www.res-dhc.com\/#\/schema\/person\/fd678e721a4d66003e9c6fb68942abe2"},"headline":"VKU Baden-W\u00fcrttemberg fordert Umsetzung der W\u00e4rmewende","datePublished":"2021-03-24T15:07:50+00:00","dateModified":"2021-03-24T15:11:54+00:00","mainEntityOfPage":{"@id":"https:\/\/www.res-dhc.com\/de\/2021\/03\/24\/vku-baden-wuerttemberg-fordert-umsetzung-der-waermewende\/"},"wordCount":239,"publisher":{"@id":"https:\/\/www.res-dhc.com\/#organization"},"image":{"@id":"https:\/\/www.res-dhc.com\/de\/2021\/03\/24\/vku-baden-wuerttemberg-fordert-umsetzung-der-waermewende\/#primaryimage"},"thumbnailUrl":"https:\/\/www.res-dhc.com\/wp-content\/uploads\/2021\/03\/VKU-BW_Positionen-Landtag_ES_Seite_1_1200-600.jpg","keywords":["District Heating","Solar"],"articleSection":["News DE"],"inLanguage":"de"},{"@type":"WebPage","@id":"https:\/\/www.res-dhc.com\/de\/2021\/03\/24\/vku-baden-wuerttemberg-fordert-umsetzung-der-waermewende\/","url":"https:\/\/www.res-dhc.com\/de\/2021\/03\/24\/vku-baden-wuerttemberg-fordert-umsetzung-der-waermewende\/","name":"VKU Baden-W\u00fcrttemberg fordert Umsetzung der W\u00e4rmewende - RES-DHC","isPartOf":{"@id":"https:\/\/www.res-dhc.com\/#website"},"primaryImageOfPage":{"@id":"https:\/\/www.res-dhc.com\/de\/2021\/03\/24\/vku-baden-wuerttemberg-fordert-umsetzung-der-waermewende\/#primaryimage"},"image":{"@id":"https:\/\/www.res-dhc.com\/de\/2021\/03\/24\/vku-baden-wuerttemberg-fordert-umsetzung-der-waermewende\/#primaryimage"},"thumbnailUrl":"https:\/\/www.res-dhc.com\/wp-content\/uploads\/2021\/03\/VKU-BW_Positionen-Landtag_ES_Seite_1_1200-600.jpg","datePublished":"2021-03-24T15:07:50+00:00","dateModified":"2021-03-24T15:11:54+00:00","breadcrumb":{"@id":"https:\/\/www.res-dhc.com\/de\/2021\/03\/24\/vku-baden-wuerttemberg-fordert-umsetzung-der-waermewende\/#breadcrumb"},"inLanguage":"de","potentialAction":[{"@type":"ReadAction","target":["https:\/\/www.res-dhc.com\/de\/2021\/03\/24\/vku-baden-wuerttemberg-fordert-umsetzung-der-waermewende\/"]}]},{"@type":"ImageObject","inLanguage":"de","@id":"https:\/\/www.res-dhc.com\/de\/2021\/03\/24\/vku-baden-wuerttemberg-fordert-umsetzung-der-waermewende\/#primaryimage","url":"https:\/\/www.res-dhc.com\/wp-content\/uploads\/2021\/03\/VKU-BW_Positionen-Landtag_ES_Seite_1_1200-600.jpg","contentUrl":"https:\/\/www.res-dhc.com\/wp-content\/uploads\/2021\/03\/VKU-BW_Positionen-Landtag_ES_Seite_1_1200-600.jpg","width":1200,"height":601},{"@type":"BreadcrumbList","@id":"https:\/\/www.res-dhc.com\/de\/2021\/03\/24\/vku-baden-wuerttemberg-fordert-umsetzung-der-waermewende\/#breadcrumb","itemListElement":[{"@type":"ListItem","position":1,"name":"Home","item":"https:\/\/www.res-dhc.com\/de\/"},{"@type":"ListItem","position":2,"name":"VKU Baden-W\u00fcrttemberg fordert Umsetzung der W\u00e4rmewende"}]},{"@type":"WebSite","@id":"https:\/\/www.res-dhc.com\/#website","url":"https:\/\/www.res-dhc.com\/","name":"RES-DHC","description":"Renewable Energy Sources for District Heating and Cooling","publisher":{"@id":"https:\/\/www.res-dhc.com\/#organization"},"potentialAction":[{"@type":"SearchAction","target":{"@type":"EntryPoint","urlTemplate":"https:\/\/www.res-dhc.com\/?s={search_term_string}"},"query-input":{"@type":"PropertyValueSpecification","valueRequired":true,"valueName":"search_term_string"}}],"inLanguage":"de"},{"@type":"Organization","@id":"https:\/\/www.res-dhc.com\/#organization","name":"RES-DHC","url":"https:\/\/www.res-dhc.com\/","logo":{"@type":"ImageObject","inLanguage":"de","@id":"https:\/\/www.res-dhc.com\/#\/schema\/logo\/image\/","url":"https:\/\/www.res-dhc.com\/wp-content\/uploads\/2022\/01\/RES-DHC_Logo_Form-1.png","contentUrl":"https:\/\/www.res-dhc.com\/wp-content\/uploads\/2022\/01\/RES-DHC_Logo_Form-1.png","width":200,"height":57,"caption":"RES-DHC"},"image":{"@id":"https:\/\/www.res-dhc.com\/#\/schema\/logo\/image\/"},"sameAs":["https:\/\/x.com\/DhcRes","https:\/\/www.linkedin.com\/showcase\/res-dhc-project\/"]},{"@type":"Person","@id":"https:\/\/www.res-dhc.com\/#\/schema\/person\/fd678e721a4d66003e9c6fb68942abe2","name":"Maya Neyhousser","image":{"@type":"ImageObject","inLanguage":"de","@id":"https:\/\/secure.gravatar.com\/avatar\/ab668f6eba684ee083b4fb14e2ff4aa9fa017e41390c706573c304df47f5b4f8?s=96&d=mm&r=g","url":"https:\/\/secure.gravatar.com\/avatar\/ab668f6eba684ee083b4fb14e2ff4aa9fa017e41390c706573c304df47f5b4f8?s=96&d=mm&r=g","contentUrl":"https:\/\/secure.gravatar.com\/avatar\/ab668f6eba684ee083b4fb14e2ff4aa9fa017e41390c706573c304df47f5b4f8?s=96&d=mm&r=g","caption":"Maya Neyhousser"},"url":"https:\/\/www.res-dhc.com\/de\/author\/maya\/"}]}},"_links":{"self":[{"href":"https:\/\/www.res-dhc.com\/de\/wp-json\/wp\/v2\/posts\/2595","targetHints":{"allow":["GET"]}}],"collection":[{"href":"https:\/\/www.res-dhc.com\/de\/wp-json\/wp\/v2\/posts"}],"about":[{"href":"https:\/\/www.res-dhc.com\/de\/wp-json\/wp\/v2\/types\/post"}],"author":[{"embeddable":true,"href":"https:\/\/www.res-dhc.com\/de\/wp-json\/wp\/v2\/users\/20"}],"replies":[{"embeddable":true,"href":"https:\/\/www.res-dhc.com\/de\/wp-json\/wp\/v2\/comments?post=2595"}],"version-history":[{"count":1,"href":"https:\/\/www.res-dhc.com\/de\/wp-json\/wp\/v2\/posts\/2595\/revisions"}],"predecessor-version":[{"id":2604,"href":"https:\/\/www.res-dhc.com\/de\/wp-json\/wp\/v2\/posts\/2595\/revisions\/2604"}],"wp:featuredmedia":[{"embeddable":true,"href":"https:\/\/www.res-dhc.com\/de\/wp-json\/wp\/v2\/media\/2596"}],"wp:attachment":[{"href":"https:\/\/www.res-dhc.com\/de\/wp-json\/wp\/v2\/media?parent=2595"}],"wp:term":[{"taxonomy":"category","embeddable":true,"href":"https:\/\/www.res-dhc.com\/de\/wp-json\/wp\/v2\/categories?post=2595"},{"taxonomy":"post_tag","embeddable":true,"href":"https:\/\/www.res-dhc.com\/de\/wp-json\/wp\/v2\/tags?post=2595"}],"curies":[{"name":"wp","href":"https:\/\/api.w.org\/{rel}","templated":true}]}}